{"id":5845,"date":"2023-11-22T12:03:36","date_gmt":"2023-11-22T11:03:36","guid":{"rendered":"https:\/\/www.elpalodeavellano.com\/litera-en-dormitorio-multiple\/"},"modified":"2024-03-21T10:53:31","modified_gmt":"2024-03-21T09:53:31","slug":"litera-en-dormitorio-multiple","status":"publish","type":"post","link":"https:\/\/www.elpalodeavellano.com\/fr\/litera-en-dormitorio-multiple\/","title":{"rendered":"Lit superpos\u00e9 dans une chambre multiple"},"content":{"rendered":"<div class=\"wpb-content-wrapper\"><p>[vc_row][vc_column][vc_images_carousel images=&#8221;5555,5557,5561,5559,5115&#8243; img_size=&#8221;full&#8221; speed=&#8221;3000&#8243; autoplay=&#8221;yes&#8221; hide_pagination_control=&#8221;yes&#8221; wrap=&#8221;yes&#8221;][\/vc_column][\/vc_row][vc_row equal_height=&#8221;yes&#8221;][vc_column][vc_column_text]<\/p>\n<h3>Lit superpos\u00e9 dans une chambre multiple<\/h3>\n<p>[\/vc_column_text][vc_separator][vc_column_text]<\/p>\n<h3 class=\"price\"><span style=\"color: #420d03;\"><strong><span class=\"price_value price_min\">19,00\u20ac<\/span><\/strong><\/span><\/h3>\n<div class=\"hb_single_room_details tp-hotel-booking\">\n<div class=\"hb_single_room_tabs_content\">\n<div id=\"hb_room_description\" class=\"hb_single_room_tab_details\">\n<div class=\"tab-content\"><\/div>\n<\/div>\n<\/div>\n<\/div>\n<p>[\/vc_column_text][vc_column_text]<\/p>\n<div class=\"price\">H\u00e9bergement en dortoirs de 8, 9 et 10 lits avec lavabos, toilettes et cabines de douche avec vestiaires. Les lits sont \u00e9quip\u00e9s d&#8217;une couverture et d&#8217;une taie d&#8217;oreiller (draps sur demande). Petit d\u00e9jeuner inclus<\/div>\n<div class=\"hb_single_room_details tp-hotel-booking\">\n<div class=\"hb_single_room_tabs_content\">\n<div id=\"hb_room_description\" class=\"hb_single_room_tab_details\">\n<div class=\"tab-content\"><\/div>\n<\/div>\n<\/div>\n<\/div>\n<p>[\/vc_column_text][vc_column_text el_class=&#8221;single-hb_room heading-title&#8221;]<\/p>\n<h3 class=\"heading-title\">SERVICES<\/h3>\n<p>[\/vc_column_text][vc_row_inner][vc_column_inner][vc_column_text el_class=&#8221;single-hb_room hb_room_additinal li&#8221;]<\/p>\n<ul class=\"thim-list\">\n<li><i class=\"fa fa-check thim-primary-color\"><\/i><span style=\"color: #430d03;\">5 chambres multiples pour 8, 9 et 10 personnes.<\/span><\/li>\n<\/ul>\n<p>[\/vc_column_text][vc_separator][\/vc_column_inner][\/vc_row_inner][vc_row_inner][vc_column_inner width=&#8221;1\/2&#8243;][vc_column_text el_class=&#8221;single-hb_room hb_room_additinal li&#8221;]<\/p>\n<ul class=\"thim-list\">\n<li><i class=\"fa fa-check thim-primary-color\"><\/i><span style=\"color: #430d03;\">WIFI<\/span><\/li>\n<\/ul>\n<p>[\/vc_column_text][vc_separator][\/vc_column_inner][vc_column_inner width=&#8221;1\/2&#8243;][vc_column_text]<\/p>\n<ul class=\"thim-list\">\n<li><i class=\"fa fa-check thim-primary-color\"><\/i><span style=\"color: #430d03;\">Salles de bains avec douches<\/span><\/li>\n<\/ul>\n<p>[\/vc_column_text][vc_separator][\/vc_column_inner][\/vc_row_inner][vc_row_inner][vc_column_inner width=&#8221;1\/2&#8243;][vc_column_text el_class=&#8221;single-hb_room hb_room_additinal li&#8221;]<\/p>\n<ul class=\"thim-list\">\n<li><i class=\"fa fa-check thim-primary-color\"><\/i><span style=\"color: #430d03;\">Chauffage <\/span><\/li>\n<\/ul>\n<p>[\/vc_column_text][vc_separator][\/vc_column_inner][vc_column_inner width=&#8221;1\/2&#8243;][vc_column_text]<\/p>\n<ul class=\"thim-list\">\n<li><i class=\"fa fa-check thim-primary-color\"><\/i><span style=\"color: #430d03;\">Petit d\u00e9jeuner inclus<\/span><\/li>\n<\/ul>\n<p>[\/vc_column_text][vc_separator][\/vc_column_inner][\/vc_row_inner][\/vc_column][\/vc_row]<\/p>\n<\/div>","protected":false},"excerpt":{"rendered":"<p>Prix : 19\u20ac par personne et par nuit<\/p>\n","protected":false},"author":1,"featured_media":5563,"comment_status":"closed","ping_status":"open","sticky":false,"template":"","format":"standard","meta":{"footnotes":""},"categories":[151],"tags":[],"class_list":["post-5845","post","type-post","status-publish","format-standard","has-post-thumbnail","hentry","category-les-chambres"],"_links":{"self":[{"href":"https:\/\/www.elpalodeavellano.com\/fr\/wp-json\/wp\/v2\/posts\/5845","targetHints":{"allow":["GET"]}}],"collection":[{"href":"https:\/\/www.elpalodeavellano.com\/fr\/wp-json\/wp\/v2\/posts"}],"about":[{"href":"https:\/\/www.elpalodeavellano.com\/fr\/wp-json\/wp\/v2\/types\/post"}],"author":[{"embeddable":true,"href":"https:\/\/www.elpalodeavellano.com\/fr\/wp-json\/wp\/v2\/users\/1"}],"replies":[{"embeddable":true,"href":"https:\/\/www.elpalodeavellano.com\/fr\/wp-json\/wp\/v2\/comments?post=5845"}],"version-history":[{"count":15,"href":"https:\/\/www.elpalodeavellano.com\/fr\/wp-json\/wp\/v2\/posts\/5845\/revisions"}],"predecessor-version":[{"id":6031,"href":"https:\/\/www.elpalodeavellano.com\/fr\/wp-json\/wp\/v2\/posts\/5845\/revisions\/6031"}],"wp:featuredmedia":[{"embeddable":true,"href":"https:\/\/www.elpalodeavellano.com\/fr\/wp-json\/wp\/v2\/media\/5563"}],"wp:attachment":[{"href":"https:\/\/www.elpalodeavellano.com\/fr\/wp-json\/wp\/v2\/media?parent=5845"}],"wp:term":[{"taxonomy":"category","embeddable":true,"href":"https:\/\/www.elpalodeavellano.com\/fr\/wp-json\/wp\/v2\/categories?post=5845"},{"taxonomy":"post_tag","embeddable":true,"href":"https:\/\/www.elpalodeavellano.com\/fr\/wp-json\/wp\/v2\/tags?post=5845"}],"curies":[{"name":"wp","href":"https:\/\/api.w.org\/{rel}","templated":true}]}}